{"id":306,"date":"2020-05-21T02:50:54","date_gmt":"2020-05-21T02:50:54","guid":{"rendered":"http:\/\/canneslions.do\/?p=306"},"modified":"2020-05-22T18:11:26","modified_gmt":"2020-05-22T18:11:26","slug":"coronadvientos-mike-alfonseca","status":"publish","type":"post","link":"https:\/\/canneslions.do\/index.php\/2020\/05\/21\/coronadvientos-mike-alfonseca\/","title":{"rendered":"Coronadvientos (Mike Alfonseca)"},"content":{"rendered":"<p><\/p>\n<figure>\nPor : Mike Alfonseca<br><\/figure>\n<p><\/p>\n<p>Ve\u00eda twitter un d\u00eda.<\/p>\n<p><\/p>\n<p>Vi un tweet de la alcaldesa de Guayaquil, con una foto de unas estatuas con tapabocas.<\/p>\n<p><\/p>\n<p>Le agradec\u00eda a Ramiro Agulla, s\u00ed, el de Agulla &amp; Baccetti por la idea.<\/p>\n<p><\/p>\n<p>Me pareci\u00f3 una excelente idea, le dije a Ramiro que la propondr\u00eda aqu\u00ed a ver si la pod\u00edamos hacer.<\/p>\n<p><\/p>\n<p>Se me ocurri\u00f3 escribirle a David Collado para ver si la pod\u00edamos hacer con algunas estatuas aqu\u00ed. Le cont\u00e9 la idea a ver si pod\u00edamos hacerla en Montesinos, para levantar conciencia acerca del tema. Me dijo \u201cMe encanta\u201d.<\/p>\n<p><\/p>\n<p>Muy r\u00e1pidamente \u201cSe puso pa\u2019 eso\u201d.<\/p>\n<p><\/p>\n<p>Cuando le puso la mascarilla, fui y le tom\u00e9 una foto y un video.<\/p>\n<p><\/p>\n<p>Los twitti\u00e9 d\u00e1ndole un mention a Ramiro Agulla, le encant\u00f3.<\/p>\n<p><\/p>\n<p>El d\u00eda de la s\u00faper luna llena, el fot\u00f3grafo Orlando Barr\u00eda le tir\u00f3 una foto a la estatua con la luna de fondo.<\/p>\n<p><\/p>\n<p>La agencia efe la public\u00f3.<\/p>\n<p><\/p>\n<p>De ah\u00ed, Forbes, CNN y varios m\u00e1s, la foto de Orlando dio la vuelta al mundo, con Montesinos y su mascarilla.<\/p>\n<p><\/p>\n<p>Un maravilloso ejemplo de colaboraci\u00f3n creativa argentino-dominicana y de manera personal como un sue\u00f1o hecho realidad, el de trabajar creativamente con Agulla.<\/p>\n<p><\/p>","protected":false},"excerpt":{"rendered":"<p>Ve\u00eda twitter un d\u00eda. Vi un tweet de la alcaldesa de Guayaquil, con una foto de unas estatuas con tapabocas. Le agradec\u00eda a Ramiro Agulla, s\u00ed, el de Agulla &amp; Baccetti por la idea. Me pareci\u00f3 una excelente idea, le dije a Ramiro que la propondr\u00eda aqu\u00ed a ver si la pod\u00edamos hacer. Se me &hellip; <\/p>\n","protected":false},"author":1,"featured_media":310,"comment_status":"open","ping_status":"open","sticky":false,"template":"","format":"standard","meta":{"footnotes":""},"categories":[1],"tags":[22,19,6,21,20,17,18],"class_list":["post-306","post","type-post","status-publish","format-standard","has-post-thumbnail","hentry","category-uncategorized","tag-agulla","tag-alfonseca","tag-creativity-move-us-forward","tag-dominicana","tag-kraneo","tag-mascarilla","tag-mike"],"_links":{"self":[{"href":"https:\/\/canneslions.do\/index.php\/wp-json\/wp\/v2\/posts\/306","targetHints":{"allow":["GET"]}}],"collection":[{"href":"https:\/\/canneslions.do\/index.php\/wp-json\/wp\/v2\/posts"}],"about":[{"href":"https:\/\/canneslions.do\/index.php\/wp-json\/wp\/v2\/types\/post"}],"author":[{"embeddable":true,"href":"https:\/\/canneslions.do\/index.php\/wp-json\/wp\/v2\/users\/1"}],"replies":[{"embeddable":true,"href":"https:\/\/canneslions.do\/index.php\/wp-json\/wp\/v2\/comments?post=306"}],"version-history":[{"count":8,"href":"https:\/\/canneslions.do\/index.php\/wp-json\/wp\/v2\/posts\/306\/revisions"}],"predecessor-version":[{"id":322,"href":"https:\/\/canneslions.do\/index.php\/wp-json\/wp\/v2\/posts\/306\/revisions\/322"}],"wp:featuredmedia":[{"embeddable":true,"href":"https:\/\/canneslions.do\/index.php\/wp-json\/wp\/v2\/media\/310"}],"wp:attachment":[{"href":"https:\/\/canneslions.do\/index.php\/wp-json\/wp\/v2\/media?parent=306"}],"wp:term":[{"taxonomy":"category","embeddable":true,"href":"https:\/\/canneslions.do\/index.php\/wp-json\/wp\/v2\/categories?post=306"},{"taxonomy":"post_tag","embeddable":true,"href":"https:\/\/canneslions.do\/index.php\/wp-json\/wp\/v2\/tags?post=306"}],"curies":[{"name":"wp","href":"https:\/\/api.w.org\/{rel}","templated":true}]}}