{"id":2976,"date":"2024-04-23T21:42:39","date_gmt":"2024-04-24T01:42:39","guid":{"rendered":"https:\/\/canneslions.do\/?p=2976"},"modified":"2025-05-01T21:18:55","modified_gmt":"2025-05-02T01:18:55","slug":"alvaro-de-oleo","status":"publish","type":"post","link":"https:\/\/canneslions.do\/index.php\/2024\/04\/23\/alvaro-de-oleo\/","title":{"rendered":"Alvaro de Oleo"},"content":{"rendered":"<p><a href=\"http:\/\/canneslions.do\/index.php\/big\/\"><br \/>\n\t\t\t\t\t\t\t<img loading=\"lazy\" decoding=\"async\" width=\"300\" height=\"300\" src=\"http:\/\/canneslions.do\/wp-content\/uploads\/2021\/08\/Logotransparente500po0500-300x300.png\" alt=\"\" srcset=\"https:\/\/canneslions.do\/wp-content\/uploads\/2021\/08\/Logotransparente500po0500-300x300.png 300w, https:\/\/canneslions.do\/wp-content\/uploads\/2021\/08\/Logotransparente500po0500-150x150.png 150w, https:\/\/canneslions.do\/wp-content\/uploads\/2021\/08\/Logotransparente500po0500.png 500w\" sizes=\"auto, (max-width: 300px) 100vw, 300px\" \/>\t\t\t\t\t\t\t\t<\/a><br \/>\n\t\t\t\t\t\t\t\t\t\t\t\t\t\t\t<img loading=\"lazy\" decoding=\"async\" width=\"500\" height=\"500\" src=\"http:\/\/canneslions.do\/wp-content\/uploads\/2024\/04\/Foto-Alvaro-de-Oleo-Brave_3-PPRR-1.png\" alt=\"\" srcset=\"https:\/\/canneslions.do\/wp-content\/uploads\/2024\/04\/Foto-Alvaro-de-Oleo-Brave_3-PPRR-1.png 500w, https:\/\/canneslions.do\/wp-content\/uploads\/2024\/04\/Foto-Alvaro-de-Oleo-Brave_3-PPRR-1-300x300.png 300w, https:\/\/canneslions.do\/wp-content\/uploads\/2024\/04\/Foto-Alvaro-de-Oleo-Brave_3-PPRR-1-150x150.png 150w\" sizes=\"auto, (max-width: 500px) 100vw, 500px\" \/>\t\t\t\t\t\t\t\t\t\t\t\t\t\t\t<\/p>\n<h3>\u00c1lvaro de \u00d3leo<\/h3>\n<p>Profesional con m\u00e1s de 20 a\u00f1os de trayectoria liderando equipos creativos, equipos de marketing y estrategias de marca en agencias y empresas de alto perfil.<\/p>\n<p>Ha ocupado puestos de liderazgo como VP de Mercadeo, director creativo general y fundador de agencias y proyectos innovadores.<\/p>\n<p>Cuenta con una s\u00f3lida experiencia como consultor en m\u00faltiples sectores: banca, turismo, consumo masivo, seguros, veh\u00edculos, bebidas alcoh\u00f3licas y no alcoh\u00f3licas, comercio electr\u00f3nico, moda y tecnolog\u00eda.<\/p>\n<p>Apasionado por la formaci\u00f3n, es docente universitario y conferencista internacional en creatividad, branding y marketing.<\/p>\n<p>Reconocido por su impacto tanto en la industria creativa como en la cultura urbana de la Rep\u00fablica Dominicana.<\/p>\n<p>Logros:<\/p>\n<ul>\n<li>Fundador de Fingere, firma de marketing, publicidad y consultor\u00eda especializada en creatividad y marketing de alto impacto.<\/li>\n<li>Socio y fundador de Brave Escuela de Ideas, plataforma l\u00edder de formaci\u00f3n creativa en Rep\u00fablica Dominicana.<\/li>\n<li>Premiado en festivales de creatividad internacionales como Cannes Lions, El Ojo de Iberoam\u00e9rica, Volc\u00e1n, Caribe, FIAP, y medallista por cinco a\u00f1os consecutivos en Young Lions Rep\u00fablica Dominicana.<\/li>\n<li>Jurado en Effie Latam, Effie Dominicana, AD STARS (2021, 2022) y Creativepool.<\/li>\n<li>Premiado en Effie Latam y Effie Dominicana por campa\u00f1as de alta efectividad creativa.<\/li>\n<li>Exvicepresidente de Mercadeo de Arajet, reconocido como la mejor nueva aerol\u00ednea del mundo, donde lider\u00f3 la estrategia de la marca y el lanzamiento en 22 destinos.<\/li>\n<li>Profesor de maestr\u00eda en UNIBE y de grado en la Universidad Central del Este (UCE).<\/li>\n<li>Conferencista internacional en Colombia, Argentina, Estados Unidos y Rep\u00fablica Dominicana (ICESI 2018\u20132020, Encuentro de Dise\u00f1o Palermo, Young Lions, 30 M\u00e1s Creativos e Innovadores de RD y Mercadexpo).<\/li>\n<li>Fundador y director de Da Republik y N\u00facleo Extremo, campeones mundiales de hip hop en tres ocasiones.<\/li>\n<li>Exmiembro del Consejo Creativo Regional de Grey, red m\u00e1s creativa de la regi\u00f3n (2016\u20132020).<\/li>\n<\/ul>\n","protected":false},"excerpt":{"rendered":"<p>\u00c1lvaro de \u00d3leo Profesional con m\u00e1s de 20 a\u00f1os de trayectoria liderando equipos creativos, equipos de marketing y estrategias de marca en agencias y empresas de alto perfil. Ha ocupado puestos de liderazgo como VP de Mercadeo, director creativo general y fundador de agencias y proyectos innovadores. Cuenta con una s\u00f3lida experiencia como consultor en &hellip; <\/p>\n","protected":false},"author":1,"featured_media":1070,"comment_status":"open","ping_status":"open","sticky":false,"template":"elementor_canvas","format":"standard","meta":{"footnotes":""},"categories":[38],"tags":[],"class_list":["post-2976","post","type-post","status-publish","format-standard","has-post-thumbnail","hentry","category-nominados"],"_links":{"self":[{"href":"https:\/\/canneslions.do\/index.php\/wp-json\/wp\/v2\/posts\/2976","targetHints":{"allow":["GET"]}}],"collection":[{"href":"https:\/\/canneslions.do\/index.php\/wp-json\/wp\/v2\/posts"}],"about":[{"href":"https:\/\/canneslions.do\/index.php\/wp-json\/wp\/v2\/types\/post"}],"author":[{"embeddable":true,"href":"https:\/\/canneslions.do\/index.php\/wp-json\/wp\/v2\/users\/1"}],"replies":[{"embeddable":true,"href":"https:\/\/canneslions.do\/index.php\/wp-json\/wp\/v2\/comments?post=2976"}],"version-history":[{"count":7,"href":"https:\/\/canneslions.do\/index.php\/wp-json\/wp\/v2\/posts\/2976\/revisions"}],"predecessor-version":[{"id":3355,"href":"https:\/\/canneslions.do\/index.php\/wp-json\/wp\/v2\/posts\/2976\/revisions\/3355"}],"wp:featuredmedia":[{"embeddable":true,"href":"https:\/\/canneslions.do\/index.php\/wp-json\/wp\/v2\/media\/1070"}],"wp:attachment":[{"href":"https:\/\/canneslions.do\/index.php\/wp-json\/wp\/v2\/media?parent=2976"}],"wp:term":[{"taxonomy":"category","embeddable":true,"href":"https:\/\/canneslions.do\/index.php\/wp-json\/wp\/v2\/categories?post=2976"},{"taxonomy":"post_tag","embeddable":true,"href":"https:\/\/canneslions.do\/index.php\/wp-json\/wp\/v2\/tags?post=2976"}],"curies":[{"name":"wp","href":"https:\/\/api.w.org\/{rel}","templated":true}]}}