{"id":1840,"date":"2022-04-16T19:05:27","date_gmt":"2022-04-16T23:05:27","guid":{"rendered":"http:\/\/canneslions.do\/?p=1840"},"modified":"2022-04-24T22:20:43","modified_gmt":"2022-04-25T02:20:43","slug":"danilo-ginebra","status":"publish","type":"post","link":"https:\/\/canneslions.do\/index.php\/2022\/04\/16\/danilo-ginebra\/","title":{"rendered":"Danilo Ginebra"},"content":{"rendered":"<p><a href=\"http:\/\/canneslions.do\/index.php\/big\/\"><br \/>\n<img loading=\"lazy\" decoding=\"async\" width=\"300\" height=\"130\" src=\"http:\/\/canneslions.do\/wp-content\/uploads\/2022\/04\/logo2022-300x130.png\" alt=\"\" srcset=\"https:\/\/canneslions.do\/wp-content\/uploads\/2022\/04\/logo2022-300x130.png 300w, https:\/\/canneslions.do\/wp-content\/uploads\/2022\/04\/logo2022-1024x445.png 1024w, https:\/\/canneslions.do\/wp-content\/uploads\/2022\/04\/logo2022-768x334.png 768w, https:\/\/canneslions.do\/wp-content\/uploads\/2022\/04\/logo2022-1536x667.png 1536w, https:\/\/canneslions.do\/wp-content\/uploads\/2022\/04\/logo2022-2048x889.png 2048w, https:\/\/canneslions.do\/wp-content\/uploads\/2022\/04\/logo2022-e1650148996427.png 500w\" sizes=\"auto, (max-width: 300px) 100vw, 300px\">\t\t\t\t\t\t\t\t<\/a><br \/>\n<img loading=\"lazy\" decoding=\"async\" width=\"500\" height=\"375\" src=\"http:\/\/canneslions.do\/wp-content\/uploads\/2022\/04\/Z6A0649.jpg\" alt=\"\" srcset=\"https:\/\/canneslions.do\/wp-content\/uploads\/2022\/04\/Z6A0649.jpg 500w, https:\/\/canneslions.do\/wp-content\/uploads\/2022\/04\/Z6A0649-300x225.jpg 300w\" sizes=\"auto, (max-width: 500px) 100vw, 500px\"><\/p>\n<h3><strong>Danilo Ginebra&nbsp;<\/strong><\/h3>\n<p>&nbsp;CEO Altice Dominicana<\/p>\n<p>Ejecutivo de negocios con m\u00e1s de 18 a\u00f1os de experiencia en la industria de telecomunicaciones de alto impacto, es el primer dominicano en ocupar la posici\u00f3n de CEO de Altice Dominicana.<\/p>\n<p>Ingres\u00f3 en el 2004 -en ese entonces a Orange Dominicana- como gerente de Proyectos Financieros. En 2007 es ascendido a director de Inteligencia de Negocios, y entre los a\u00f1os 2011 a 2015 se desempe\u00f1a como como vicepresidente de Marketing.<\/p>\n<p>Regresa nuevamente en el 2018 a Altice Dominicana, a la vicepresidencia de Mercadeo y Ventas, cargo que ocup\u00f3 hasta inicios de abril de este 2022 cuando fue designado por el Grupo Altice para asumir la posici\u00f3n de CEO de Altice Dominicana.<\/p>\n<p>Danilo Ginebra posee una destacada y exitosa trayectoria en la gesti\u00f3n comercial de servicios M\u00f3vil y fijo, habiendo logrado un crecimiento sostenido en cada una de estas l\u00edneas de negocio. Ha sido participe en la implementaci\u00f3n de estrategias comerciales para las m\u00e1s importantes y trascendentales innovaciones tecnol\u00f3gicas en Rep\u00fablica Dominicana, como el lanzamiento de las redes 4G LTE y 5G.<\/p>\n<p>Con su liderazgo y trayectoria, como CEO de Altice en la Rep\u00fablica Dominicana, seguir\u00e1 impulsando el mayor aporte en materia de innovaci\u00f3n tecnol\u00f3gica, a trav\u00e9s de la consolidaci\u00f3n de redes de \u00faltima generaci\u00f3n que respalden la m\u00e1s robusta conectividad a 4 millones de dominicanos, as\u00ed como al desarrollo econ\u00f3mico sostenible del pa\u00eds.<\/p>\n","protected":false},"excerpt":{"rendered":"<p>Danilo Ginebra&nbsp; &nbsp;CEO Altice Dominicana Ejecutivo de negocios con m\u00e1s de 18 a\u00f1os de experiencia en la industria de telecomunicaciones de alto impacto, es el primer dominicano en ocupar la posici\u00f3n de CEO de Altice Dominicana. Ingres\u00f3 en el 2004 -en ese entonces a Orange Dominicana- como gerente de Proyectos Financieros. En 2007 es ascendido &hellip; <\/p>\n","protected":false},"author":1,"featured_media":1842,"comment_status":"open","ping_status":"open","sticky":false,"template":"elementor_canvas","format":"standard","meta":{"footnotes":""},"categories":[38],"tags":[],"class_list":["post-1840","post","type-post","status-publish","format-standard","has-post-thumbnail","hentry","category-nominados"],"_links":{"self":[{"href":"https:\/\/canneslions.do\/index.php\/wp-json\/wp\/v2\/posts\/1840","targetHints":{"allow":["GET"]}}],"collection":[{"href":"https:\/\/canneslions.do\/index.php\/wp-json\/wp\/v2\/posts"}],"about":[{"href":"https:\/\/canneslions.do\/index.php\/wp-json\/wp\/v2\/types\/post"}],"author":[{"embeddable":true,"href":"https:\/\/canneslions.do\/index.php\/wp-json\/wp\/v2\/users\/1"}],"replies":[{"embeddable":true,"href":"https:\/\/canneslions.do\/index.php\/wp-json\/wp\/v2\/comments?post=1840"}],"version-history":[{"count":4,"href":"https:\/\/canneslions.do\/index.php\/wp-json\/wp\/v2\/posts\/1840\/revisions"}],"predecessor-version":[{"id":1930,"href":"https:\/\/canneslions.do\/index.php\/wp-json\/wp\/v2\/posts\/1840\/revisions\/1930"}],"wp:featuredmedia":[{"embeddable":true,"href":"https:\/\/canneslions.do\/index.php\/wp-json\/wp\/v2\/media\/1842"}],"wp:attachment":[{"href":"https:\/\/canneslions.do\/index.php\/wp-json\/wp\/v2\/media?parent=1840"}],"wp:term":[{"taxonomy":"category","embeddable":true,"href":"https:\/\/canneslions.do\/index.php\/wp-json\/wp\/v2\/categories?post=1840"},{"taxonomy":"post_tag","embeddable":true,"href":"https:\/\/canneslions.do\/index.php\/wp-json\/wp\/v2\/tags?post=1840"}],"curies":[{"name":"wp","href":"https:\/\/api.w.org\/{rel}","templated":true}]}}